{"id":17216,"date":"2022-10-18T10:20:51","date_gmt":"2022-10-18T08:20:51","guid":{"rendered":"https:\/\/noviziato.gesuiti.it\/?p=17216"},"modified":"2022-10-18T11:39:52","modified_gmt":"2022-10-18T09:39:52","slug":"let-us-start","status":"publish","type":"post","link":"https:\/\/noviziato.gesuiti.it\/en\/let-us-start\/","title":{"rendered":"Let&#8217;s start!"},"content":{"rendered":"<p>At the end of a three-day spiritual retreat, on Monday, October 17, 2022, during the community Eucharistic celebration, the 10 first-year novices entered the second probation. It was a simple but meaningful moment that marked the end of the so-called first probation: in the mind of St. Ignatius, the first probation is a brief time of &#8220;trial&#8221; that is placed at the beginning of the path of formation in the Society and that helps to verify the choice; with the second probation, however, begins a rather long time of real formation and that spans the two years of novitiate to continue with the successive stages of study and service.<\/p>\n<p>First-year novices (pictured from left to right):<br \/>\nNace Zupan\u010di\u010d (Slovenian Province)<br \/>\nKrist\u00f3f H\u00f3ds\u00e1gi (Hungarian Province)<br \/>\nGianluca Severin (Euro-Mediterranean Province)<br \/>\nRoberto Carrese (Euro-Mediterranean Province)<br \/>\nGy\u00f6rgy Kov\u00e1cs (Hungarian Province)<br \/>\nDomonkos B\u00e1rczi (Hungarian Province)<br \/>\nCiprian Pr\u0103ji\u015fteanu (Euro-Mediterranean Province)<br \/>\nP\u00e9ter Koszoru (Hungarian Province)<br \/>\nAndrea Cassar (Euro-Mediterranean Province)<br \/>\nPrimo\u017e Stra\u017ear (Slovenian Province)<\/p>\n<p>&nbsp;<\/p>\n<p>And another picture:<\/p>\n<p><a href=\"https:\/\/noviziato.gesuiti.it\/wp-content\/uploads\/sites\/3\/2022\/10\/primoanno-scaled.jpg\"><img loading=\"lazy\" decoding=\"async\" class=\"alignnone size-medium wp-image-17278\" src=\"https:\/\/noviziato.gesuiti.it\/wp-content\/uploads\/sites\/3\/2022\/10\/primoanno-300x225.jpg\" alt=\"\" width=\"300\" height=\"225\" srcset=\"https:\/\/noviziato.gesuiti.it\/wp-content\/uploads\/sites\/3\/2022\/10\/primoanno-300x225.jpg 300w, https:\/\/noviziato.gesuiti.it\/wp-content\/uploads\/sites\/3\/2022\/10\/primoanno-1024x768.jpg 1024w, https:\/\/noviziato.gesuiti.it\/wp-content\/uploads\/sites\/3\/2022\/10\/primoanno-768x576.jpg 768w, https:\/\/noviziato.gesuiti.it\/wp-content\/uploads\/sites\/3\/2022\/10\/primoanno-1536x1152.jpg 1536w, https:\/\/noviziato.gesuiti.it\/wp-content\/uploads\/sites\/3\/2022\/10\/primoanno-2048x1536.jpg 2048w\" sizes=\"auto, (max-width: 300px) 100vw, 300px\" \/><\/a><\/p>\n","protected":false},"excerpt":{"rendered":"<p>At the end of a three-day spiritual retreat, on Monday, October 17, 2022, during the community Eucharistic celebration, the 10 first-year novices entered the second probation. It was a simple but meaningful moment that marked the end of the so-called first probation: in the mind of St. Ignatius, the first<a class=\"continua\" href=\"https:\/\/noviziato.gesuiti.it\/en\/let-us-start\/\"> [read more&#8230;]<\/a><\/p>\n","protected":false},"author":37,"featured_media":17268,"comment_status":"closed","ping_status":"closed","sticky":false,"template":"","format":"standard","meta":{"footnotes":""},"categories":[62],"tags":[328,281,145,220],"class_list":["post-17216","post","type-post","status-publish","format-standard","hentry","category-everyday-life","tag-arrivals","tag-community","tag-journey","tag-welcome"],"yoast_head":"<!-- This site is optimized with the Yoast SEO plugin v27.4 - https:\/\/yoast.com\/product\/yoast-seo-wordpress\/ -->\n<title>Let&#039;s start! - Jesuit Novitiate<\/title>\n<meta name=\"robots\" content=\"index, follow, max-snippet:-1, max-image-preview:large, max-video-preview:-1\" \/>\n<link rel=\"canonical\" href=\"https:\/\/noviziato.gesuiti.it\/en\/let-us-start\/\" \/>\n<meta property=\"og:locale\" content=\"en_US\" \/>\n<meta property=\"og:type\" content=\"article\" \/>\n<meta property=\"og:title\" content=\"Let&#039;s start! - Jesuit Novitiate\" \/>\n<meta property=\"og:description\" content=\"At the end of a three-day spiritual retreat, on Monday, October 17, 2022, during the community Eucharistic celebration, the 10 first-year novices entered the second probation. It was a simple but meaningful moment that marked the end of the so-called first probation: in the mind of St. Ignatius, the first [read more...]\" \/>\n<meta property=\"og:url\" content=\"https:\/\/noviziato.gesuiti.it\/en\/let-us-start\/\" \/>\n<meta property=\"og:site_name\" content=\"Jesuit Novitiate\" \/>\n<meta property=\"article:published_time\" content=\"2022-10-18T08:20:51+00:00\" \/>\n<meta property=\"article:modified_time\" content=\"2022-10-18T09:39:52+00:00\" \/>\n<meta property=\"og:image\" content=\"https:\/\/noviziato.gesuiti.it\/wp-content\/uploads\/sites\/3\/2022\/10\/1anno.jpg\" \/>\n\t<meta property=\"og:image:width\" content=\"1624\" \/>\n\t<meta property=\"og:image:height\" content=\"1624\" \/>\n\t<meta property=\"og:image:type\" content=\"image\/jpeg\" \/>\n<meta name=\"author\" content=\"Novizi\" \/>\n<meta name=\"twitter:card\" content=\"summary_large_image\" \/>\n<meta name=\"twitter:label1\" content=\"Written by\" \/>\n\t<meta name=\"twitter:data1\" content=\"Novizi\" \/>\n\t<meta name=\"twitter:label2\" content=\"Est. reading time\" \/>\n\t<meta name=\"twitter:data2\" content=\"2 minutes\" \/>\n<script type=\"application\/ld+json\" class=\"yoast-schema-graph\">{\"@context\":\"https:\\\/\\\/schema.org\",\"@graph\":[{\"@type\":\"Article\",\"@id\":\"https:\\\/\\\/noviziato.gesuiti.it\\\/en\\\/let-us-start\\\/#article\",\"isPartOf\":{\"@id\":\"https:\\\/\\\/noviziato.gesuiti.it\\\/en\\\/let-us-start\\\/\"},\"author\":{\"name\":\"Novizi\",\"@id\":\"https:\\\/\\\/noviziato.gesuiti.it\\\/#\\\/schema\\\/person\\\/af20f18fd0930639397a24d2c7948102\"},\"headline\":\"Let&#8217;s start!\",\"datePublished\":\"2022-10-18T08:20:51+00:00\",\"dateModified\":\"2022-10-18T09:39:52+00:00\",\"mainEntityOfPage\":{\"@id\":\"https:\\\/\\\/noviziato.gesuiti.it\\\/en\\\/let-us-start\\\/\"},\"wordCount\":171,\"image\":{\"@id\":\"https:\\\/\\\/noviziato.gesuiti.it\\\/en\\\/let-us-start\\\/#primaryimage\"},\"thumbnailUrl\":\"https:\\\/\\\/noviziato.gesuiti.it\\\/wp-content\\\/uploads\\\/sites\\\/3\\\/2022\\\/10\\\/1anno.jpg\",\"keywords\":[\"#arrivals\",\"#community\",\"#journey\",\"#welcome\"],\"articleSection\":[\"Everyday life\"],\"inLanguage\":\"en-US\"},{\"@type\":\"WebPage\",\"@id\":\"https:\\\/\\\/noviziato.gesuiti.it\\\/en\\\/let-us-start\\\/\",\"url\":\"https:\\\/\\\/noviziato.gesuiti.it\\\/en\\\/let-us-start\\\/\",\"name\":\"Let's start! - Jesuit Novitiate\",\"isPartOf\":{\"@id\":\"https:\\\/\\\/noviziato.gesuiti.it\\\/#website\"},\"primaryImageOfPage\":{\"@id\":\"https:\\\/\\\/noviziato.gesuiti.it\\\/en\\\/let-us-start\\\/#primaryimage\"},\"image\":{\"@id\":\"https:\\\/\\\/noviziato.gesuiti.it\\\/en\\\/let-us-start\\\/#primaryimage\"},\"thumbnailUrl\":\"https:\\\/\\\/noviziato.gesuiti.it\\\/wp-content\\\/uploads\\\/sites\\\/3\\\/2022\\\/10\\\/1anno.jpg\",\"datePublished\":\"2022-10-18T08:20:51+00:00\",\"dateModified\":\"2022-10-18T09:39:52+00:00\",\"author\":{\"@id\":\"https:\\\/\\\/noviziato.gesuiti.it\\\/#\\\/schema\\\/person\\\/af20f18fd0930639397a24d2c7948102\"},\"breadcrumb\":{\"@id\":\"https:\\\/\\\/noviziato.gesuiti.it\\\/en\\\/let-us-start\\\/#breadcrumb\"},\"inLanguage\":\"en-US\",\"potentialAction\":[{\"@type\":\"ReadAction\",\"target\":[\"https:\\\/\\\/noviziato.gesuiti.it\\\/en\\\/let-us-start\\\/\"]}]},{\"@type\":\"ImageObject\",\"inLanguage\":\"en-US\",\"@id\":\"https:\\\/\\\/noviziato.gesuiti.it\\\/en\\\/let-us-start\\\/#primaryimage\",\"url\":\"https:\\\/\\\/noviziato.gesuiti.it\\\/wp-content\\\/uploads\\\/sites\\\/3\\\/2022\\\/10\\\/1anno.jpg\",\"contentUrl\":\"https:\\\/\\\/noviziato.gesuiti.it\\\/wp-content\\\/uploads\\\/sites\\\/3\\\/2022\\\/10\\\/1anno.jpg\",\"width\":1624,\"height\":1624},{\"@type\":\"BreadcrumbList\",\"@id\":\"https:\\\/\\\/noviziato.gesuiti.it\\\/en\\\/let-us-start\\\/#breadcrumb\",\"itemListElement\":[{\"@type\":\"ListItem\",\"position\":1,\"name\":\"Home\",\"item\":\"https:\\\/\\\/noviziato.gesuiti.it\\\/\"},{\"@type\":\"ListItem\",\"position\":2,\"name\":\"Let&#8217;s start!\"}]},{\"@type\":\"WebSite\",\"@id\":\"https:\\\/\\\/noviziato.gesuiti.it\\\/#website\",\"url\":\"https:\\\/\\\/noviziato.gesuiti.it\\\/\",\"name\":\"Jesuit Novitiate\",\"description\":\"Novitiate of the Euro-Mediterranean Province of the Society of Jesus\",\"potentialAction\":[{\"@type\":\"SearchAction\",\"target\":{\"@type\":\"EntryPoint\",\"urlTemplate\":\"https:\\\/\\\/noviziato.gesuiti.it\\\/?s={search_term_string}\"},\"query-input\":{\"@type\":\"PropertyValueSpecification\",\"valueRequired\":true,\"valueName\":\"search_term_string\"}}],\"inLanguage\":\"en-US\"},{\"@type\":\"Person\",\"@id\":\"https:\\\/\\\/noviziato.gesuiti.it\\\/#\\\/schema\\\/person\\\/af20f18fd0930639397a24d2c7948102\",\"name\":\"Novizi\",\"image\":{\"@type\":\"ImageObject\",\"inLanguage\":\"en-US\",\"@id\":\"https:\\\/\\\/secure.gravatar.com\\\/avatar\\\/242d2111af2603acec573a3b83679d06436ba1adc7f73e84c667f49751710d1f?s=96&r=g\",\"url\":\"https:\\\/\\\/secure.gravatar.com\\\/avatar\\\/242d2111af2603acec573a3b83679d06436ba1adc7f73e84c667f49751710d1f?s=96&r=g\",\"contentUrl\":\"https:\\\/\\\/secure.gravatar.com\\\/avatar\\\/242d2111af2603acec573a3b83679d06436ba1adc7f73e84c667f49751710d1f?s=96&r=g\",\"caption\":\"Novizi\"},\"url\":\"https:\\\/\\\/noviziato.gesuiti.it\\\/en\\\/author\\\/novizi\\\/\"}]}<\/script>\n<!-- \/ Yoast SEO plugin. -->","yoast_head_json":{"title":"Let's start! - Jesuit Novitiate","robots":{"index":"index","follow":"follow","max-snippet":"max-snippet:-1","max-image-preview":"max-image-preview:large","max-video-preview":"max-video-preview:-1"},"canonical":"https:\/\/noviziato.gesuiti.it\/en\/let-us-start\/","og_locale":"en_US","og_type":"article","og_title":"Let's start! - Jesuit Novitiate","og_description":"At the end of a three-day spiritual retreat, on Monday, October 17, 2022, during the community Eucharistic celebration, the 10 first-year novices entered the second probation. It was a simple but meaningful moment that marked the end of the so-called first probation: in the mind of St. Ignatius, the first [read more...]","og_url":"https:\/\/noviziato.gesuiti.it\/en\/let-us-start\/","og_site_name":"Jesuit Novitiate","article_published_time":"2022-10-18T08:20:51+00:00","article_modified_time":"2022-10-18T09:39:52+00:00","og_image":[{"width":1624,"height":1624,"url":"https:\/\/noviziato.gesuiti.it\/wp-content\/uploads\/sites\/3\/2022\/10\/1anno.jpg","type":"image\/jpeg"}],"author":"Novizi","twitter_card":"summary_large_image","twitter_misc":{"Written by":"Novizi","Est. reading time":"2 minutes"},"schema":{"@context":"https:\/\/schema.org","@graph":[{"@type":"Article","@id":"https:\/\/noviziato.gesuiti.it\/en\/let-us-start\/#article","isPartOf":{"@id":"https:\/\/noviziato.gesuiti.it\/en\/let-us-start\/"},"author":{"name":"Novizi","@id":"https:\/\/noviziato.gesuiti.it\/#\/schema\/person\/af20f18fd0930639397a24d2c7948102"},"headline":"Let&#8217;s start!","datePublished":"2022-10-18T08:20:51+00:00","dateModified":"2022-10-18T09:39:52+00:00","mainEntityOfPage":{"@id":"https:\/\/noviziato.gesuiti.it\/en\/let-us-start\/"},"wordCount":171,"image":{"@id":"https:\/\/noviziato.gesuiti.it\/en\/let-us-start\/#primaryimage"},"thumbnailUrl":"https:\/\/noviziato.gesuiti.it\/wp-content\/uploads\/sites\/3\/2022\/10\/1anno.jpg","keywords":["#arrivals","#community","#journey","#welcome"],"articleSection":["Everyday life"],"inLanguage":"en-US"},{"@type":"WebPage","@id":"https:\/\/noviziato.gesuiti.it\/en\/let-us-start\/","url":"https:\/\/noviziato.gesuiti.it\/en\/let-us-start\/","name":"Let's start! - Jesuit Novitiate","isPartOf":{"@id":"https:\/\/noviziato.gesuiti.it\/#website"},"primaryImageOfPage":{"@id":"https:\/\/noviziato.gesuiti.it\/en\/let-us-start\/#primaryimage"},"image":{"@id":"https:\/\/noviziato.gesuiti.it\/en\/let-us-start\/#primaryimage"},"thumbnailUrl":"https:\/\/noviziato.gesuiti.it\/wp-content\/uploads\/sites\/3\/2022\/10\/1anno.jpg","datePublished":"2022-10-18T08:20:51+00:00","dateModified":"2022-10-18T09:39:52+00:00","author":{"@id":"https:\/\/noviziato.gesuiti.it\/#\/schema\/person\/af20f18fd0930639397a24d2c7948102"},"breadcrumb":{"@id":"https:\/\/noviziato.gesuiti.it\/en\/let-us-start\/#breadcrumb"},"inLanguage":"en-US","potentialAction":[{"@type":"ReadAction","target":["https:\/\/noviziato.gesuiti.it\/en\/let-us-start\/"]}]},{"@type":"ImageObject","inLanguage":"en-US","@id":"https:\/\/noviziato.gesuiti.it\/en\/let-us-start\/#primaryimage","url":"https:\/\/noviziato.gesuiti.it\/wp-content\/uploads\/sites\/3\/2022\/10\/1anno.jpg","contentUrl":"https:\/\/noviziato.gesuiti.it\/wp-content\/uploads\/sites\/3\/2022\/10\/1anno.jpg","width":1624,"height":1624},{"@type":"BreadcrumbList","@id":"https:\/\/noviziato.gesuiti.it\/en\/let-us-start\/#breadcrumb","itemListElement":[{"@type":"ListItem","position":1,"name":"Home","item":"https:\/\/noviziato.gesuiti.it\/"},{"@type":"ListItem","position":2,"name":"Let&#8217;s start!"}]},{"@type":"WebSite","@id":"https:\/\/noviziato.gesuiti.it\/#website","url":"https:\/\/noviziato.gesuiti.it\/","name":"Jesuit Novitiate","description":"Novitiate of the Euro-Mediterranean Province of the Society of Jesus","potentialAction":[{"@type":"SearchAction","target":{"@type":"EntryPoint","urlTemplate":"https:\/\/noviziato.gesuiti.it\/?s={search_term_string}"},"query-input":{"@type":"PropertyValueSpecification","valueRequired":true,"valueName":"search_term_string"}}],"inLanguage":"en-US"},{"@type":"Person","@id":"https:\/\/noviziato.gesuiti.it\/#\/schema\/person\/af20f18fd0930639397a24d2c7948102","name":"Novizi","image":{"@type":"ImageObject","inLanguage":"en-US","@id":"https:\/\/secure.gravatar.com\/avatar\/242d2111af2603acec573a3b83679d06436ba1adc7f73e84c667f49751710d1f?s=96&r=g","url":"https:\/\/secure.gravatar.com\/avatar\/242d2111af2603acec573a3b83679d06436ba1adc7f73e84c667f49751710d1f?s=96&r=g","contentUrl":"https:\/\/secure.gravatar.com\/avatar\/242d2111af2603acec573a3b83679d06436ba1adc7f73e84c667f49751710d1f?s=96&r=g","caption":"Novizi"},"url":"https:\/\/noviziato.gesuiti.it\/en\/author\/novizi\/"}]}},"_links":{"self":[{"href":"https:\/\/noviziato.gesuiti.it\/en\/wp-json\/wp\/v2\/posts\/17216","targetHints":{"allow":["GET"]}}],"collection":[{"href":"https:\/\/noviziato.gesuiti.it\/en\/wp-json\/wp\/v2\/posts"}],"about":[{"href":"https:\/\/noviziato.gesuiti.it\/en\/wp-json\/wp\/v2\/types\/post"}],"author":[{"embeddable":true,"href":"https:\/\/noviziato.gesuiti.it\/en\/wp-json\/wp\/v2\/users\/37"}],"replies":[{"embeddable":true,"href":"https:\/\/noviziato.gesuiti.it\/en\/wp-json\/wp\/v2\/comments?post=17216"}],"version-history":[{"count":3,"href":"https:\/\/noviziato.gesuiti.it\/en\/wp-json\/wp\/v2\/posts\/17216\/revisions"}],"predecessor-version":[{"id":17284,"href":"https:\/\/noviziato.gesuiti.it\/en\/wp-json\/wp\/v2\/posts\/17216\/revisions\/17284"}],"wp:featuredmedia":[{"embeddable":true,"href":"https:\/\/noviziato.gesuiti.it\/en\/wp-json\/wp\/v2\/media\/17268"}],"wp:attachment":[{"href":"https:\/\/noviziato.gesuiti.it\/en\/wp-json\/wp\/v2\/media?parent=17216"}],"wp:term":[{"taxonomy":"category","embeddable":true,"href":"https:\/\/noviziato.gesuiti.it\/en\/wp-json\/wp\/v2\/categories?post=17216"},{"taxonomy":"post_tag","embeddable":true,"href":"https:\/\/noviziato.gesuiti.it\/en\/wp-json\/wp\/v2\/tags?post=17216"}],"curies":[{"name":"wp","href":"https:\/\/api.w.org\/{rel}","templated":true}]}}